{"id":58,"date":"2025-11-03T11:49:00","date_gmt":"2025-11-03T14:49:00","guid":{"rendered":"https:\/\/azencorpoesaude.com.br\/blog\/?p=58"},"modified":"2025-11-03T11:49:19","modified_gmt":"2025-11-03T14:49:19","slug":"pare-de-sofrer-com-dores-comece-a-reeducacao-postural-hoje","status":"publish","type":"post","link":"https:\/\/azencorpoesaude.com.br\/blog\/pare-de-sofrer-com-dores-comece-a-reeducacao-postural-hoje\/","title":{"rendered":"Pare de sofrer com dores: comece a reeduca\u00e7\u00e3o postural hoje"},"content":{"rendered":"<span class=\"span-reading-time rt-reading-time\" style=\"display: block;\"><span class=\"rt-label rt-prefix\">Tempo de leitura: <\/span> <span class=\"rt-time\"> 3<\/span> <span class=\"rt-label rt-postfix\">minutos<\/span><\/span>\n<p class=\"has-medium-font-size\"><strong><em>Descubra como a reeduca\u00e7\u00e3o postural pode aliviar dores e transformar seu corpo com h\u00e1bitos simples e acompanhamento profissional.<\/em><\/strong><\/p>\n\n\n\n<p>As dores musculares e articulares s\u00e3o t\u00e3o comuns que muitos profissionais j\u00e1 as consideram parte inevit\u00e1vel da rotina. Horas sentado, m\u00e1 postura diante do computador e tens\u00e3o acumulada s\u00e3o apenas alguns dos fatores que comprometem o corpo e a produtividade.<\/p>\n\n\n\n<p>Mas o que poucos sabem \u00e9 que, em grande parte dos casos, essas dores podem ser evitadas e revertidas com a reeduca\u00e7\u00e3o postural \u2014 um conjunto de t\u00e9cnicas que ensina o corpo a se alinhar novamente, recuperando equil\u00edbrio e leveza.<\/p>\n\n\n\n<p>Mais do que uma quest\u00e3o est\u00e9tica, cuidar da postura \u00e9 um investimento direto na sa\u00fade e no bem-estar. A seguir, voc\u00ea vai entender por que as dores aparecem, como funciona a reeduca\u00e7\u00e3o postural e quais h\u00e1bitos simples podem aliviar os sintomas agora mesmo.<\/p>\n\n\n\n<ul class=\"wp-block-list\">\n<li><a href=\"https:\/\/azencorpoesaude.com.br\/blog\/quiropraxia-o-que-e-como-funciona-e-onde-encontrar-atendimento\/\" target=\"_blank\" rel=\"noreferrer noopener\">Quiropraxia: o que \u00e9, como funciona e onde encontrar atendimento<\/a><\/li>\n<\/ul>\n\n\n\n<div id=\"ez-toc-container\" class=\"ez-toc-v2_0_82_1 counter-hierarchy ez-toc-counter ez-toc-grey ez-toc-container-direction\">\n<div class=\"ez-toc-title-container\">\n<p class=\"ez-toc-title\" style=\"cursor:inherit\">O que abordaremos neste artigo:<\/p>\n<span class=\"ez-toc-title-toggle\"><a href=\"#\" class=\"ez-toc-pull-right ez-toc-btn ez-toc-btn-xs ez-toc-btn-default ez-toc-toggle\" aria-label=\"Alternar tabela de conte\u00fado\"><span class=\"ez-toc-js-icon-con\"><span class=\"\"><span class=\"eztoc-hide\" style=\"display:none;\">Toggle<\/span><span class=\"ez-toc-icon-toggle-span\"><svg style=\"fill: #999;color:#999\" xmlns=\"http:\/\/www.w3.org\/2000\/svg\" class=\"list-377408\" width=\"20px\" height=\"20px\" viewBox=\"0 0 24 24\" fill=\"none\"><path d=\"M6 6H4v2h2V6zm14 0H8v2h12V6zM4 11h2v2H4v-2zm16 0H8v2h12v-2zM4 16h2v2H4v-2zm16 0H8v2h12v-2z\" fill=\"currentColor\"><\/path><\/svg><svg style=\"fill: #999;color:#999\" class=\"arrow-unsorted-368013\" xmlns=\"http:\/\/www.w3.org\/2000\/svg\" width=\"10px\" height=\"10px\" viewBox=\"0 0 24 24\" version=\"1.2\" baseProfile=\"tiny\"><path d=\"M18.2 9.3l-6.2-6.3-6.2 6.3c-.2.2-.3.4-.3.7s.1.5.3.7c.2.2.4.3.7.3h11c.3 0 .5-.1.7-.3.2-.2.3-.5.3-.7s-.1-.5-.3-.7zM5.8 14.7l6.2 6.3 6.2-6.3c.2-.2.3-.5.3-.7s-.1-.5-.3-.7c-.2-.2-.4-.3-.7-.3h-11c-.3 0-.5.1-.7.3-.2.2-.3.5-.3.7s.1.5.3.7z\"\/><\/svg><\/span><\/span><\/span><\/a><\/span><\/div>\n<nav><ul class='ez-toc-list ez-toc-list-level-1 ' ><ul class='ez-toc-list-level-2' ><li class='ez-toc-heading-level-2'><a class=\"ez-toc-link ez-toc-heading-1\" href=\"https:\/\/azencorpoesaude.com.br\/blog\/pare-de-sofrer-com-dores-comece-a-reeducacao-postural-hoje\/#Por_que_as_dores_aparecem\" >Por que as dores aparecem?<\/a><\/li><li class='ez-toc-page-1 ez-toc-heading-level-2'><a class=\"ez-toc-link ez-toc-heading-2\" href=\"https:\/\/azencorpoesaude.com.br\/blog\/pare-de-sofrer-com-dores-comece-a-reeducacao-postural-hoje\/#O_que_e_reeducacao_postural_e_como_funciona\" >O que \u00e9 reeduca\u00e7\u00e3o postural e como funciona?<\/a><\/li><li class='ez-toc-page-1 ez-toc-heading-level-2'><a class=\"ez-toc-link ez-toc-heading-3\" href=\"https:\/\/azencorpoesaude.com.br\/blog\/pare-de-sofrer-com-dores-comece-a-reeducacao-postural-hoje\/#Habitos_simples_que_aliviam_a_dor_agora\" >H\u00e1bitos simples que aliviam a dor agora<\/a><\/li><\/ul><\/li><li class='ez-toc-page-1 ez-toc-heading-level-1'><a class=\"ez-toc-link ez-toc-heading-4\" href=\"https:\/\/azencorpoesaude.com.br\/blog\/pare-de-sofrer-com-dores-comece-a-reeducacao-postural-hoje\/#Cuide_do_seu_corpo_com_a_Azen\" >Cuide do seu corpo com a Azen<\/a><ul class='ez-toc-list-level-2' ><li class='ez-toc-heading-level-2'><a class=\"ez-toc-link ez-toc-heading-5\" href=\"https:\/\/azencorpoesaude.com.br\/blog\/pare-de-sofrer-com-dores-comece-a-reeducacao-postural-hoje\/#Viva_melhor_comece_hoje_sua_reeducacao_postural\" >Viva melhor: comece hoje sua reeduca\u00e7\u00e3o postural<\/a><\/li><\/ul><\/li><\/ul><\/nav><\/div>\n<h2 class=\"wp-block-heading\"><span class=\"ez-toc-section\" id=\"Por_que_as_dores_aparecem\"><\/span>Por que as dores aparecem?<span class=\"ez-toc-section-end\"><\/span><\/h2>\n\n\n\n<p>As dores corporais s\u00e3o o resultado de desequil\u00edbrios musculares criados por posturas inadequadas mantidas ao longo do tempo. <strong>Quando voc\u00ea permanece sentado por horas, dobra o pesco\u00e7o para olhar o celular ou apoia mal os p\u00e9s, os m\u00fasculos e articula\u00e7\u00f5es se adaptam \u00e0 posi\u00e7\u00e3o errada<\/strong>. Essa compensa\u00e7\u00e3o causa sobrecarga em regi\u00f5es como lombar, ombros e cervical.<\/p>\n\n\n\n<p>Com o passar dos anos, o corpo se acostuma a esse desalinhamento, e o resultado aparece em forma de dor cr\u00f4nica, rigidez e at\u00e9 altera\u00e7\u00f5es respirat\u00f3rias. <strong>Profissionais que passam muito tempo em frente ao computador ou que realizam movimentos repetitivos s\u00e3o os mais afetados<\/strong>.<\/p>\n\n\n\n<p>Al\u00e9m disso, fatores emocionais \u2014 como estresse e ansiedade \u2014 tamb\u00e9m interferem na postura, provocando tens\u00e3o muscular. <strong>Quando o corpo e a mente est\u00e3o em desequil\u00edbrio, o corpo reage com dor<\/strong>. \u00c9 nesse ponto que a reeduca\u00e7\u00e3o postural atua, devolvendo harmonia e consci\u00eancia ao movimento.<\/p>\n\n\n\n<ul class=\"wp-block-list\">\n<li><a href=\"https:\/\/azencorpoesaude.com.br\/blog\/neurofeedback-a-terapia-cerebral-que-poucos-conhecem\/\" target=\"_blank\" rel=\"noreferrer noopener\">Neurofeedback: a terapia cerebral que poucos conhecem<\/a><\/li>\n<\/ul>\n\n\n\n<h2 class=\"wp-block-heading\"><span class=\"ez-toc-section\" id=\"O_que_e_reeducacao_postural_e_como_funciona\"><\/span>O que \u00e9 reeduca\u00e7\u00e3o postural e como funciona?<span class=\"ez-toc-section-end\"><\/span><\/h2>\n\n\n\n<p>A reeduca\u00e7\u00e3o postural \u00e9 um m\u00e9todo terap\u00eautico que busca restabelecer o alinhamento natural do corpo. <strong>Diferente de alongamentos isolados, ela trabalha a origem do problema: os m\u00fasculos encurtados, enfraquecidos e as compensa\u00e7\u00f5es criadas pelo dia a dia<\/strong>.<\/p>\n\n\n\n<p>Durante as sess\u00f5es, o profissional especializado \u2014 muitas vezes com forma\u00e7\u00e3o em fisioterapia \u2014 observa os padr\u00f5es de movimento, identifica as \u00e1reas de sobrecarga e prop\u00f5e exerc\u00edcios personalizados. A ideia \u00e9 que o corpo \u201caprenda novamente\u201d a se posicionar e se mover de forma equilibrada.<\/p>\n\n\n\n<p>Com o tempo, a postura correta se torna natural. <strong>Os benef\u00edcios v\u00e3o al\u00e9m da redu\u00e7\u00e3o das dores: melhora na respira\u00e7\u00e3o, aumento da flexibilidade, preven\u00e7\u00e3o de les\u00f5es e sensa\u00e7\u00e3o de bem-estar geral<\/strong>. O segredo est\u00e1 na consist\u00eancia \u2014 pequenas mudan\u00e7as di\u00e1rias acumulam grandes resultados ao longo do tempo.<\/p>\n\n\n\n<h2 class=\"wp-block-heading\"><span class=\"ez-toc-section\" id=\"Habitos_simples_que_aliviam_a_dor_agora\"><\/span>H\u00e1bitos simples que aliviam a dor agora<span class=\"ez-toc-section-end\"><\/span><\/h2>\n\n\n\n<p>Antes de pensar em solu\u00e7\u00f5es complexas, \u00e9 poss\u00edvel come\u00e7ar com mudan\u00e7as simples e conscientes na rotina. Pequenos ajustes j\u00e1 podem aliviar as tens\u00f5es acumuladas e preparar o corpo para a reeduca\u00e7\u00e3o postural.<\/p>\n\n\n\n<ul class=\"wp-block-list\">\n<li><strong>Ajuste sua cadeira e mesa de trabalho<\/strong> para que os joelhos fiquem em \u00e2ngulo de 90\u00b0 e os p\u00e9s totalmente apoiados.<br><\/li>\n\n\n\n<li><strong>Evite olhar para baixo por longos per\u00edodos.<\/strong> Traga o celular \u00e0 altura dos olhos.<br><\/li>\n\n\n\n<li><strong>Alongue-se a cada hora.<\/strong> Um minuto de movimento j\u00e1 \u00e9 suficiente para ativar a circula\u00e7\u00e3o e reduzir a rigidez.<br><\/li>\n\n\n\n<li><strong>Respire conscientemente.<\/strong> Inspire pelo nariz e solte o ar devagar \u2014 a respira\u00e7\u00e3o \u00e9 a base da postura correta.<br><\/li>\n\n\n\n<li><strong>Durma em posi\u00e7\u00e3o neutra.<\/strong> Evite travesseiros muito altos ou colch\u00f5es que forcem a coluna.<\/li>\n<\/ul>\n\n\n\n<p>Esses cuidados s\u00e3o o primeiro passo para aliviar dores e preparar o corpo para um processo mais profundo de reeduca\u00e7\u00e3o postural com acompanhamento profissional.<\/p>\n\n\n\n<h1 class=\"wp-block-heading\"><span class=\"ez-toc-section\" id=\"Cuide_do_seu_corpo_com_a_Azen\"><\/span>Cuide do seu corpo com a Azen<span class=\"ez-toc-section-end\"><\/span><\/h1>\n\n\n\n<p>Na <strong><em><a href=\"https:\/\/azencorpoesaude.com.br\/\" target=\"_blank\" rel=\"noreferrer noopener\">Azen Corpo e Sa\u00fade<\/a><\/em><\/strong>, a miss\u00e3o \u00e9 promover o bem-estar integral, unindo sa\u00fade f\u00edsica e equil\u00edbrio emocional em um ambiente acolhedor e profissional. Acreditamos que o autocuidado \u00e9 essencial para uma vida mais saud\u00e1vel e plena \u2014 e a reeduca\u00e7\u00e3o postural \u00e9 uma das ferramentas mais eficazes para isso.<\/p>\n\n\n\n<p>Oferecemos tratamentos personalizados, desenvolvidos conforme as necessidades individuais de cada cliente. Nossa equipe, altamente qualificada em fisioterapia e terapias complementares, proporciona um atendimento humanizado e centrado na qualidade de vida.<\/p>\n\n\n\n<p>Aqui, o foco \u00e9 o ser humano como um todo. Combinamos t\u00e9cnicas modernas e abordagens tradicionais, criando planos de cuidado que respeitam o ritmo e o corpo de cada pessoa. O resultado \u00e9 mais mobilidade, menos dor e um corpo alinhado com o bem-estar que voc\u00ea merece.<\/p>\n\n\n\n<h2 class=\"wp-block-heading\"><span class=\"ez-toc-section\" id=\"Viva_melhor_comece_hoje_sua_reeducacao_postural\"><\/span>Viva melhor: comece hoje sua reeduca\u00e7\u00e3o postural<span class=\"ez-toc-section-end\"><\/span><\/h2>\n\n\n\n<p>Cuidar da postura \u00e9 cuidar da vida. A reeduca\u00e7\u00e3o postural n\u00e3o apenas elimina dores, mas tamb\u00e9m restaura a confian\u00e7a, a energia e a liberdade de movimento que muitos profissionais perdem com o tempo.<\/p>\n\n\n\n<p>N\u00e3o espere a dor se tornar rotina. Seu corpo est\u00e1 constantemente se adaptando \u2014 e cada escolha di\u00e1ria influencia diretamente sua sa\u00fade.<\/p>\n\n\n\n<p>D\u00ea o primeiro passo hoje mesmo: <strong><a href=\"https:\/\/azencorpoesaude.com.br\/contato\" target=\"_blank\" rel=\"noreferrer noopener\">agende uma avalia\u00e7\u00e3o na <em>Azen<\/em><\/a> e descubra como pequenas mudan\u00e7as podem transformar sua postura, sua performance e seu bem-estar<\/strong>.<\/p>\n","protected":false},"excerpt":{"rendered":"<p><span class=\"span-reading-time rt-reading-time\" style=\"display: block;\"><span class=\"rt-label rt-prefix\">Tempo de leitura: <\/span> <span class=\"rt-time\"> 3<\/span> <span class=\"rt-label rt-postfix\">minutos<\/span><\/span>Descubra como a reeduca\u00e7\u00e3o postural pode aliviar dores e transformar seu corpo com h\u00e1bitos simples e acompanhamento profissional. As dores musculares e articulares s\u00e3o t\u00e3o comuns que muitos profissionais j\u00e1 as consideram parte inevit\u00e1vel da rotina. Horas sentado, m\u00e1 postura diante do computador e tens\u00e3o acumulada s\u00e3o apenas alguns dos fatores que comprometem o corpo &hellip; <\/p>\n","protected":false},"author":1,"featured_media":59,"comment_status":"open","ping_status":"open","sticky":false,"template":"","format":"standard","meta":{"footnotes":""},"categories":[418],"tags":[450,435,433,430,442,436,424,459,437,460,455,456,423,447,103,421,431,422,427,453,443,425,440,441,248,451,464,420,426,461,432,446,458,438,449,448,452,454,445,457,419,462,439,463,444,428,434,429],"class_list":["post-58","post","type-post","status-publish","format-standard","has-post-thumbnail","hentry","category-reeducacao-postural","tag-a-reeducacao-postural-alivia-dores-cronicas","tag-alinhamento-da-coluna","tag-alivio-de-tensoes-musculares","tag-alongamento-diario","tag-alongamentos-simples","tag-autocuidado-e-saude","tag-beneficios-da-reeducacao-postural","tag-como-a-postura-afeta-o-humor","tag-como-aliviar-dores-nas-costas","tag-como-corrigir-postura-no-trabalho","tag-como-evitar-dores-na-lombar","tag-como-manter-a-postura-ao-sentar","tag-como-melhorar-a-postura","tag-como-saber-se-preciso-de-reeducacao-postural","tag-dor-lombar","tag-dor-nas-costas","tag-educacao-corporal","tag-ergonomia-no-trabalho","tag-exercicios-para-coluna","tag-fisioterapia-ajuda-na-reeducacao-postural","tag-fisioterapia-postural-e-eficaz","tag-fisioterapia-preventiva","tag-importancia-da-postura-correta","tag-melhorar-postura-no-trabalho","tag-o-que-e-reeducacao-postural-global","tag-posso-fazer-reeducacao-postural-em-casa","tag-postura-corporal-e-autoestima","tag-postura-correta","tag-postura-e-bem-estar","tag-postura-e-produtividade-estao-relacionadas","tag-postura-e-respiracao","tag-postura-errada-causa-dores","tag-postura-interfere-na-respiracao","tag-postura-no-home-office","tag-quais-os-melhores-exercicios-para-corrigir-postura","tag-quais-os-sinais-de-ma-postura","tag-qual-a-diferenca-entre-rpg-e-reeducacao-postural","tag-qual-a-frequencia-ideal-das-sessoes","tag-quanto-tempo-leva-a-reeducacao-postural","tag-quem-deve-procurar-reeducacao-postural","tag-reeducacao-postural","tag-reeducacao-postural-melhora-o-sono","tag-reeducacao-postural-para-profissionais","tag-reeducacao-postural-previne-lesoes","tag-reeducacao-postural-serve-para-todos","tag-saude-ocupacional","tag-terapia-corporal","tag-tratamento-postural","latest_post"],"yoast_head":"<!-- This site is optimized with the Yoast SEO plugin v27.2 - https:\/\/yoast.com\/product\/yoast-seo-wordpress\/ -->\n<title>Pare de sofrer com dores: comece a reeduca\u00e7\u00e3o postural hoje<\/title>\n<meta name=\"description\" content=\"Descubra como a reeduca\u00e7\u00e3o postural pode aliviar dores e transformar seu corpo com h\u00e1bitos simples e acompanhamento profissional.\" \/>\n<meta name=\"robots\" content=\"index, follow, max-snippet:-1, max-image-preview:large, max-video-preview:-1\" \/>\n<link rel=\"canonical\" href=\"https:\/\/azencorpoesaude.com.br\/blog\/pare-de-sofrer-com-dores-comece-a-reeducacao-postural-hoje\/\" \/>\n<meta property=\"og:locale\" content=\"pt_BR\" \/>\n<meta property=\"og:type\" content=\"article\" \/>\n<meta property=\"og:title\" content=\"Pare de sofrer com dores: comece a reeduca\u00e7\u00e3o postural hoje\" \/>\n<meta property=\"og:description\" content=\"Descubra como a reeduca\u00e7\u00e3o postural pode aliviar dores e transformar seu corpo com h\u00e1bitos simples e acompanhamento profissional.\" \/>\n<meta property=\"og:url\" content=\"https:\/\/azencorpoesaude.com.br\/blog\/pare-de-sofrer-com-dores-comece-a-reeducacao-postural-hoje\/\" \/>\n<meta property=\"og:site_name\" content=\"Blog\" \/>\n<meta property=\"article:published_time\" content=\"2025-11-03T14:49:00+00:00\" \/>\n<meta property=\"article:modified_time\" content=\"2025-11-03T14:49:19+00:00\" \/>\n<meta property=\"og:image\" content=\"https:\/\/azencorpoesaude.com.br\/blog\/wp-content\/uploads\/2025\/11\/2149071475.jpg\" \/>\n\t<meta property=\"og:image:width\" content=\"1000\" \/>\n\t<meta property=\"og:image:height\" content=\"667\" \/>\n\t<meta property=\"og:image:type\" content=\"image\/jpeg\" \/>\n<meta name=\"author\" content=\"admin\" \/>\n<meta name=\"twitter:card\" content=\"summary_large_image\" \/>\n<meta name=\"twitter:label1\" content=\"Escrito por\" \/>\n\t<meta name=\"twitter:data1\" content=\"admin\" \/>\n\t<meta name=\"twitter:label2\" content=\"Est. tempo de leitura\" \/>\n\t<meta name=\"twitter:data2\" content=\"5 minutos\" \/>\n<script type=\"application\/ld+json\" class=\"yoast-schema-graph\">{\"@context\":\"https:\/\/schema.org\",\"@graph\":[{\"@type\":\"Article\",\"@id\":\"https:\/\/azencorpoesaude.com.br\/blog\/pare-de-sofrer-com-dores-comece-a-reeducacao-postural-hoje\/#article\",\"isPartOf\":{\"@id\":\"https:\/\/azencorpoesaude.com.br\/blog\/pare-de-sofrer-com-dores-comece-a-reeducacao-postural-hoje\/\"},\"author\":{\"name\":\"admin\",\"@id\":\"https:\/\/azencorpoesaude.com.br\/blog\/#\/schema\/person\/7f235afb70c1e2168de025d5f435832a\"},\"headline\":\"Pare de sofrer com dores: comece a reeduca\u00e7\u00e3o postural hoje\",\"datePublished\":\"2025-11-03T14:49:00+00:00\",\"dateModified\":\"2025-11-03T14:49:19+00:00\",\"mainEntityOfPage\":{\"@id\":\"https:\/\/azencorpoesaude.com.br\/blog\/pare-de-sofrer-com-dores-comece-a-reeducacao-postural-hoje\/\"},\"wordCount\":889,\"commentCount\":0,\"publisher\":{\"@id\":\"https:\/\/azencorpoesaude.com.br\/blog\/#organization\"},\"image\":{\"@id\":\"https:\/\/azencorpoesaude.com.br\/blog\/pare-de-sofrer-com-dores-comece-a-reeducacao-postural-hoje\/#primaryimage\"},\"thumbnailUrl\":\"https:\/\/azencorpoesaude.com.br\/blog\/wp-content\/uploads\/2025\/11\/2149071475.jpg\",\"keywords\":[\"a reeduca\u00e7\u00e3o postural alivia dores cr\u00f4nicas?\",\"alinhamento da coluna\",\"al\u00edvio de tens\u00f5es musculares\",\"alongamento di\u00e1rio\",\"alongamentos simples\",\"autocuidado e sa\u00fade\",\"benef\u00edcios da reeduca\u00e7\u00e3o postural\",\"como a postura afeta o humor?\",\"como aliviar dores nas costas\",\"como corrigir postura no trabalho?\",\"como evitar dores na lombar?\",\"como manter a postura ao sentar?\",\"como melhorar a postura\",\"como saber se preciso de reeduca\u00e7\u00e3o postural?\",\"dor lombar\",\"dor nas costas\",\"educa\u00e7\u00e3o corporal\",\"ergonomia no trabalho\",\"exerc\u00edcios para coluna\",\"fisioterapia ajuda na reeduca\u00e7\u00e3o postural?\",\"fisioterapia postural \u00e9 eficaz?\",\"fisioterapia preventiva\",\"import\u00e2ncia da postura correta\",\"melhorar postura no trabalho\",\"o que \u00e9 reeduca\u00e7\u00e3o postural global?\",\"posso fazer reeduca\u00e7\u00e3o postural em casa?\",\"postura corporal e autoestima\",\"postura correta\",\"postura e bem-estar\",\"postura e produtividade est\u00e3o relacionadas?\",\"postura e respira\u00e7\u00e3o\",\"postura errada causa dores?\",\"postura interfere na respira\u00e7\u00e3o?\",\"postura no home office\",\"quais os melhores exerc\u00edcios para corrigir postura?\",\"quais os sinais de m\u00e1 postura?\",\"qual a diferen\u00e7a entre RPG e reeduca\u00e7\u00e3o postural?\",\"qual a frequ\u00eancia ideal das sess\u00f5es?\",\"quanto tempo leva a reeduca\u00e7\u00e3o postural?\",\"quem deve procurar reeduca\u00e7\u00e3o postural?\",\"reeduca\u00e7\u00e3o postural\",\"reeduca\u00e7\u00e3o postural melhora o sono?\",\"reeduca\u00e7\u00e3o postural para profissionais\",\"reeduca\u00e7\u00e3o postural previne les\u00f5es?\",\"reeduca\u00e7\u00e3o postural serve para todos?\",\"sa\u00fade ocupacional\",\"terapia corporal\",\"tratamento postural\"],\"articleSection\":[\"Reeduca\u00e7\u00e3o postural\"],\"inLanguage\":\"pt-BR\",\"potentialAction\":[{\"@type\":\"CommentAction\",\"name\":\"Comment\",\"target\":[\"https:\/\/azencorpoesaude.com.br\/blog\/pare-de-sofrer-com-dores-comece-a-reeducacao-postural-hoje\/#respond\"]}]},{\"@type\":\"WebPage\",\"@id\":\"https:\/\/azencorpoesaude.com.br\/blog\/pare-de-sofrer-com-dores-comece-a-reeducacao-postural-hoje\/\",\"url\":\"https:\/\/azencorpoesaude.com.br\/blog\/pare-de-sofrer-com-dores-comece-a-reeducacao-postural-hoje\/\",\"name\":\"Pare de sofrer com dores: comece a reeduca\u00e7\u00e3o postural hoje\",\"isPartOf\":{\"@id\":\"https:\/\/azencorpoesaude.com.br\/blog\/#website\"},\"primaryImageOfPage\":{\"@id\":\"https:\/\/azencorpoesaude.com.br\/blog\/pare-de-sofrer-com-dores-comece-a-reeducacao-postural-hoje\/#primaryimage\"},\"image\":{\"@id\":\"https:\/\/azencorpoesaude.com.br\/blog\/pare-de-sofrer-com-dores-comece-a-reeducacao-postural-hoje\/#primaryimage\"},\"thumbnailUrl\":\"https:\/\/azencorpoesaude.com.br\/blog\/wp-content\/uploads\/2025\/11\/2149071475.jpg\",\"datePublished\":\"2025-11-03T14:49:00+00:00\",\"dateModified\":\"2025-11-03T14:49:19+00:00\",\"description\":\"Descubra como a reeduca\u00e7\u00e3o postural pode aliviar dores e transformar seu corpo com h\u00e1bitos simples e acompanhamento profissional.\",\"breadcrumb\":{\"@id\":\"https:\/\/azencorpoesaude.com.br\/blog\/pare-de-sofrer-com-dores-comece-a-reeducacao-postural-hoje\/#breadcrumb\"},\"inLanguage\":\"pt-BR\",\"potentialAction\":[{\"@type\":\"ReadAction\",\"target\":[\"https:\/\/azencorpoesaude.com.br\/blog\/pare-de-sofrer-com-dores-comece-a-reeducacao-postural-hoje\/\"]}]},{\"@type\":\"ImageObject\",\"inLanguage\":\"pt-BR\",\"@id\":\"https:\/\/azencorpoesaude.com.br\/blog\/pare-de-sofrer-com-dores-comece-a-reeducacao-postural-hoje\/#primaryimage\",\"url\":\"https:\/\/azencorpoesaude.com.br\/blog\/wp-content\/uploads\/2025\/11\/2149071475.jpg\",\"contentUrl\":\"https:\/\/azencorpoesaude.com.br\/blog\/wp-content\/uploads\/2025\/11\/2149071475.jpg\",\"width\":1000,\"height\":667,\"caption\":\"Pare de sofrer com dores: comece a reeduca\u00e7\u00e3o postural hoje\"},{\"@type\":\"BreadcrumbList\",\"@id\":\"https:\/\/azencorpoesaude.com.br\/blog\/pare-de-sofrer-com-dores-comece-a-reeducacao-postural-hoje\/#breadcrumb\",\"itemListElement\":[{\"@type\":\"ListItem\",\"position\":1,\"name\":\"In\u00edcio\",\"item\":\"https:\/\/azencorpoesaude.com.br\/blog\/\"},{\"@type\":\"ListItem\",\"position\":2,\"name\":\"Pare de sofrer com dores: comece a reeduca\u00e7\u00e3o postural hoje\"}]},{\"@type\":\"WebSite\",\"@id\":\"https:\/\/azencorpoesaude.com.br\/blog\/#website\",\"url\":\"https:\/\/azencorpoesaude.com.br\/blog\/\",\"name\":\"Blog\",\"description\":\"Tudo sobre sua sa\u00fade e bem-estar\",\"publisher\":{\"@id\":\"https:\/\/azencorpoesaude.com.br\/blog\/#organization\"},\"potentialAction\":[{\"@type\":\"SearchAction\",\"target\":{\"@type\":\"EntryPoint\",\"urlTemplate\":\"https:\/\/azencorpoesaude.com.br\/blog\/?s={search_term_string}\"},\"query-input\":{\"@type\":\"PropertyValueSpecification\",\"valueRequired\":true,\"valueName\":\"search_term_string\"}}],\"inLanguage\":\"pt-BR\"},{\"@type\":\"Organization\",\"@id\":\"https:\/\/azencorpoesaude.com.br\/blog\/#organization\",\"name\":\"Blog\",\"url\":\"https:\/\/azencorpoesaude.com.br\/blog\/\",\"logo\":{\"@type\":\"ImageObject\",\"inLanguage\":\"pt-BR\",\"@id\":\"https:\/\/azencorpoesaude.com.br\/blog\/#\/schema\/logo\/image\/\",\"url\":\"https:\/\/azencorpoesaude.com.br\/blog\/wp-content\/uploads\/2025\/05\/cropped-logo.webp\",\"contentUrl\":\"https:\/\/azencorpoesaude.com.br\/blog\/wp-content\/uploads\/2025\/05\/cropped-logo.webp\",\"width\":700,\"height\":218,\"caption\":\"Blog\"},\"image\":{\"@id\":\"https:\/\/azencorpoesaude.com.br\/blog\/#\/schema\/logo\/image\/\"}},{\"@type\":\"Person\",\"@id\":\"https:\/\/azencorpoesaude.com.br\/blog\/#\/schema\/person\/7f235afb70c1e2168de025d5f435832a\",\"name\":\"admin\",\"image\":{\"@type\":\"ImageObject\",\"inLanguage\":\"pt-BR\",\"@id\":\"https:\/\/secure.gravatar.com\/avatar\/d2abb7e535a7590a6f9b76c75c90ec5441db3a04a205e6d66ecabfb80081f172?s=96&d=mm&r=g\",\"url\":\"https:\/\/secure.gravatar.com\/avatar\/d2abb7e535a7590a6f9b76c75c90ec5441db3a04a205e6d66ecabfb80081f172?s=96&d=mm&r=g\",\"contentUrl\":\"https:\/\/secure.gravatar.com\/avatar\/d2abb7e535a7590a6f9b76c75c90ec5441db3a04a205e6d66ecabfb80081f172?s=96&d=mm&r=g\",\"caption\":\"admin\"},\"sameAs\":[\"https:\/\/azencorpoesaude.com.br\/blog\"],\"url\":\"https:\/\/azencorpoesaude.com.br\/blog\/author\/admin\/\"}]}<\/script>\n<!-- \/ Yoast SEO plugin. -->","yoast_head_json":{"title":"Pare de sofrer com dores: comece a reeduca\u00e7\u00e3o postural hoje","description":"Descubra como a reeduca\u00e7\u00e3o postural pode aliviar dores e transformar seu corpo com h\u00e1bitos simples e acompanhamento profissional.","robots":{"index":"index","follow":"follow","max-snippet":"max-snippet:-1","max-image-preview":"max-image-preview:large","max-video-preview":"max-video-preview:-1"},"canonical":"https:\/\/azencorpoesaude.com.br\/blog\/pare-de-sofrer-com-dores-comece-a-reeducacao-postural-hoje\/","og_locale":"pt_BR","og_type":"article","og_title":"Pare de sofrer com dores: comece a reeduca\u00e7\u00e3o postural hoje","og_description":"Descubra como a reeduca\u00e7\u00e3o postural pode aliviar dores e transformar seu corpo com h\u00e1bitos simples e acompanhamento profissional.","og_url":"https:\/\/azencorpoesaude.com.br\/blog\/pare-de-sofrer-com-dores-comece-a-reeducacao-postural-hoje\/","og_site_name":"Blog","article_published_time":"2025-11-03T14:49:00+00:00","article_modified_time":"2025-11-03T14:49:19+00:00","og_image":[{"width":1000,"height":667,"url":"https:\/\/azencorpoesaude.com.br\/blog\/wp-content\/uploads\/2025\/11\/2149071475.jpg","type":"image\/jpeg"}],"author":"admin","twitter_card":"summary_large_image","twitter_misc":{"Escrito por":"admin","Est. tempo de leitura":"5 minutos"},"schema":{"@context":"https:\/\/schema.org","@graph":[{"@type":"Article","@id":"https:\/\/azencorpoesaude.com.br\/blog\/pare-de-sofrer-com-dores-comece-a-reeducacao-postural-hoje\/#article","isPartOf":{"@id":"https:\/\/azencorpoesaude.com.br\/blog\/pare-de-sofrer-com-dores-comece-a-reeducacao-postural-hoje\/"},"author":{"name":"admin","@id":"https:\/\/azencorpoesaude.com.br\/blog\/#\/schema\/person\/7f235afb70c1e2168de025d5f435832a"},"headline":"Pare de sofrer com dores: comece a reeduca\u00e7\u00e3o postural hoje","datePublished":"2025-11-03T14:49:00+00:00","dateModified":"2025-11-03T14:49:19+00:00","mainEntityOfPage":{"@id":"https:\/\/azencorpoesaude.com.br\/blog\/pare-de-sofrer-com-dores-comece-a-reeducacao-postural-hoje\/"},"wordCount":889,"commentCount":0,"publisher":{"@id":"https:\/\/azencorpoesaude.com.br\/blog\/#organization"},"image":{"@id":"https:\/\/azencorpoesaude.com.br\/blog\/pare-de-sofrer-com-dores-comece-a-reeducacao-postural-hoje\/#primaryimage"},"thumbnailUrl":"https:\/\/azencorpoesaude.com.br\/blog\/wp-content\/uploads\/2025\/11\/2149071475.jpg","keywords":["a reeduca\u00e7\u00e3o postural alivia dores cr\u00f4nicas?","alinhamento da coluna","al\u00edvio de tens\u00f5es musculares","alongamento di\u00e1rio","alongamentos simples","autocuidado e sa\u00fade","benef\u00edcios da reeduca\u00e7\u00e3o postural","como a postura afeta o humor?","como aliviar dores nas costas","como corrigir postura no trabalho?","como evitar dores na lombar?","como manter a postura ao sentar?","como melhorar a postura","como saber se preciso de reeduca\u00e7\u00e3o postural?","dor lombar","dor nas costas","educa\u00e7\u00e3o corporal","ergonomia no trabalho","exerc\u00edcios para coluna","fisioterapia ajuda na reeduca\u00e7\u00e3o postural?","fisioterapia postural \u00e9 eficaz?","fisioterapia preventiva","import\u00e2ncia da postura correta","melhorar postura no trabalho","o que \u00e9 reeduca\u00e7\u00e3o postural global?","posso fazer reeduca\u00e7\u00e3o postural em casa?","postura corporal e autoestima","postura correta","postura e bem-estar","postura e produtividade est\u00e3o relacionadas?","postura e respira\u00e7\u00e3o","postura errada causa dores?","postura interfere na respira\u00e7\u00e3o?","postura no home office","quais os melhores exerc\u00edcios para corrigir postura?","quais os sinais de m\u00e1 postura?","qual a diferen\u00e7a entre RPG e reeduca\u00e7\u00e3o postural?","qual a frequ\u00eancia ideal das sess\u00f5es?","quanto tempo leva a reeduca\u00e7\u00e3o postural?","quem deve procurar reeduca\u00e7\u00e3o postural?","reeduca\u00e7\u00e3o postural","reeduca\u00e7\u00e3o postural melhora o sono?","reeduca\u00e7\u00e3o postural para profissionais","reeduca\u00e7\u00e3o postural previne les\u00f5es?","reeduca\u00e7\u00e3o postural serve para todos?","sa\u00fade ocupacional","terapia corporal","tratamento postural"],"articleSection":["Reeduca\u00e7\u00e3o postural"],"inLanguage":"pt-BR","potentialAction":[{"@type":"CommentAction","name":"Comment","target":["https:\/\/azencorpoesaude.com.br\/blog\/pare-de-sofrer-com-dores-comece-a-reeducacao-postural-hoje\/#respond"]}]},{"@type":"WebPage","@id":"https:\/\/azencorpoesaude.com.br\/blog\/pare-de-sofrer-com-dores-comece-a-reeducacao-postural-hoje\/","url":"https:\/\/azencorpoesaude.com.br\/blog\/pare-de-sofrer-com-dores-comece-a-reeducacao-postural-hoje\/","name":"Pare de sofrer com dores: comece a reeduca\u00e7\u00e3o postural hoje","isPartOf":{"@id":"https:\/\/azencorpoesaude.com.br\/blog\/#website"},"primaryImageOfPage":{"@id":"https:\/\/azencorpoesaude.com.br\/blog\/pare-de-sofrer-com-dores-comece-a-reeducacao-postural-hoje\/#primaryimage"},"image":{"@id":"https:\/\/azencorpoesaude.com.br\/blog\/pare-de-sofrer-com-dores-comece-a-reeducacao-postural-hoje\/#primaryimage"},"thumbnailUrl":"https:\/\/azencorpoesaude.com.br\/blog\/wp-content\/uploads\/2025\/11\/2149071475.jpg","datePublished":"2025-11-03T14:49:00+00:00","dateModified":"2025-11-03T14:49:19+00:00","description":"Descubra como a reeduca\u00e7\u00e3o postural pode aliviar dores e transformar seu corpo com h\u00e1bitos simples e acompanhamento profissional.","breadcrumb":{"@id":"https:\/\/azencorpoesaude.com.br\/blog\/pare-de-sofrer-com-dores-comece-a-reeducacao-postural-hoje\/#breadcrumb"},"inLanguage":"pt-BR","potentialAction":[{"@type":"ReadAction","target":["https:\/\/azencorpoesaude.com.br\/blog\/pare-de-sofrer-com-dores-comece-a-reeducacao-postural-hoje\/"]}]},{"@type":"ImageObject","inLanguage":"pt-BR","@id":"https:\/\/azencorpoesaude.com.br\/blog\/pare-de-sofrer-com-dores-comece-a-reeducacao-postural-hoje\/#primaryimage","url":"https:\/\/azencorpoesaude.com.br\/blog\/wp-content\/uploads\/2025\/11\/2149071475.jpg","contentUrl":"https:\/\/azencorpoesaude.com.br\/blog\/wp-content\/uploads\/2025\/11\/2149071475.jpg","width":1000,"height":667,"caption":"Pare de sofrer com dores: comece a reeduca\u00e7\u00e3o postural hoje"},{"@type":"BreadcrumbList","@id":"https:\/\/azencorpoesaude.com.br\/blog\/pare-de-sofrer-com-dores-comece-a-reeducacao-postural-hoje\/#breadcrumb","itemListElement":[{"@type":"ListItem","position":1,"name":"In\u00edcio","item":"https:\/\/azencorpoesaude.com.br\/blog\/"},{"@type":"ListItem","position":2,"name":"Pare de sofrer com dores: comece a reeduca\u00e7\u00e3o postural hoje"}]},{"@type":"WebSite","@id":"https:\/\/azencorpoesaude.com.br\/blog\/#website","url":"https:\/\/azencorpoesaude.com.br\/blog\/","name":"Blog","description":"Tudo sobre sua sa\u00fade e bem-estar","publisher":{"@id":"https:\/\/azencorpoesaude.com.br\/blog\/#organization"},"potentialAction":[{"@type":"SearchAction","target":{"@type":"EntryPoint","urlTemplate":"https:\/\/azencorpoesaude.com.br\/blog\/?s={search_term_string}"},"query-input":{"@type":"PropertyValueSpecification","valueRequired":true,"valueName":"search_term_string"}}],"inLanguage":"pt-BR"},{"@type":"Organization","@id":"https:\/\/azencorpoesaude.com.br\/blog\/#organization","name":"Blog","url":"https:\/\/azencorpoesaude.com.br\/blog\/","logo":{"@type":"ImageObject","inLanguage":"pt-BR","@id":"https:\/\/azencorpoesaude.com.br\/blog\/#\/schema\/logo\/image\/","url":"https:\/\/azencorpoesaude.com.br\/blog\/wp-content\/uploads\/2025\/05\/cropped-logo.webp","contentUrl":"https:\/\/azencorpoesaude.com.br\/blog\/wp-content\/uploads\/2025\/05\/cropped-logo.webp","width":700,"height":218,"caption":"Blog"},"image":{"@id":"https:\/\/azencorpoesaude.com.br\/blog\/#\/schema\/logo\/image\/"}},{"@type":"Person","@id":"https:\/\/azencorpoesaude.com.br\/blog\/#\/schema\/person\/7f235afb70c1e2168de025d5f435832a","name":"admin","image":{"@type":"ImageObject","inLanguage":"pt-BR","@id":"https:\/\/secure.gravatar.com\/avatar\/d2abb7e535a7590a6f9b76c75c90ec5441db3a04a205e6d66ecabfb80081f172?s=96&d=mm&r=g","url":"https:\/\/secure.gravatar.com\/avatar\/d2abb7e535a7590a6f9b76c75c90ec5441db3a04a205e6d66ecabfb80081f172?s=96&d=mm&r=g","contentUrl":"https:\/\/secure.gravatar.com\/avatar\/d2abb7e535a7590a6f9b76c75c90ec5441db3a04a205e6d66ecabfb80081f172?s=96&d=mm&r=g","caption":"admin"},"sameAs":["https:\/\/azencorpoesaude.com.br\/blog"],"url":"https:\/\/azencorpoesaude.com.br\/blog\/author\/admin\/"}]}},"_links":{"self":[{"href":"https:\/\/azencorpoesaude.com.br\/blog\/wp-json\/wp\/v2\/posts\/58","targetHints":{"allow":["GET"]}}],"collection":[{"href":"https:\/\/azencorpoesaude.com.br\/blog\/wp-json\/wp\/v2\/posts"}],"about":[{"href":"https:\/\/azencorpoesaude.com.br\/blog\/wp-json\/wp\/v2\/types\/post"}],"author":[{"embeddable":true,"href":"https:\/\/azencorpoesaude.com.br\/blog\/wp-json\/wp\/v2\/users\/1"}],"replies":[{"embeddable":true,"href":"https:\/\/azencorpoesaude.com.br\/blog\/wp-json\/wp\/v2\/comments?post=58"}],"version-history":[{"count":1,"href":"https:\/\/azencorpoesaude.com.br\/blog\/wp-json\/wp\/v2\/posts\/58\/revisions"}],"predecessor-version":[{"id":60,"href":"https:\/\/azencorpoesaude.com.br\/blog\/wp-json\/wp\/v2\/posts\/58\/revisions\/60"}],"wp:featuredmedia":[{"embeddable":true,"href":"https:\/\/azencorpoesaude.com.br\/blog\/wp-json\/wp\/v2\/media\/59"}],"wp:attachment":[{"href":"https:\/\/azencorpoesaude.com.br\/blog\/wp-json\/wp\/v2\/media?parent=58"}],"wp:term":[{"taxonomy":"category","embeddable":true,"href":"https:\/\/azencorpoesaude.com.br\/blog\/wp-json\/wp\/v2\/categories?post=58"},{"taxonomy":"post_tag","embeddable":true,"href":"https:\/\/azencorpoesaude.com.br\/blog\/wp-json\/wp\/v2\/tags?post=58"}],"curies":[{"name":"wp","href":"https:\/\/api.w.org\/{rel}","templated":true}]}}