{"id":76,"date":"2026-03-03T14:37:43","date_gmt":"2026-03-03T17:37:43","guid":{"rendered":"https:\/\/azencorpoesaude.com.br\/blog\/?p=76"},"modified":"2026-03-03T14:37:44","modified_gmt":"2026-03-03T17:37:44","slug":"pilates-funcional-quais-os-beneficios-e-onde-fazer","status":"publish","type":"post","link":"https:\/\/azencorpoesaude.com.br\/blog\/pilates-funcional-quais-os-beneficios-e-onde-fazer\/","title":{"rendered":"Pilates funcional: quais os benef\u00edcios e onde fazer?"},"content":{"rendered":"<span class=\"span-reading-time rt-reading-time\" style=\"display: block;\"><span class=\"rt-label rt-prefix\">Tempo de leitura: <\/span> <span class=\"rt-time\"> 3<\/span> <span class=\"rt-label rt-postfix\">minutos<\/span><\/span>\n<p><strong><em>O pilates funcional \u00e9 uma pr\u00e1tica completa que une for\u00e7a, mobilidade e equil\u00edbrio para o corpo e a mente.<\/em><\/strong><\/p>\n\n\n\n<p>O pilates funcional vem conquistando cada vez mais adeptos por unir o melhor do pilates tradicional com exerc\u00edcios que simulam os movimentos do dia a dia. Ele fortalece o corpo, melhora a postura e desenvolve o equil\u00edbrio de forma pr\u00e1tica e eficiente.<\/p>\n\n\n\n<p>Diferente das modalidades convencionais, o pilates funcional trabalha o corpo de maneira integrada. Isso significa que cada movimento \u00e9 pensado para aumentar a estabilidade e a consci\u00eancia corporal, resultando em mais qualidade de vida e bem-estar.<\/p>\n\n\n\n<ul class=\"wp-block-list\">\n<li><a href=\"https:\/\/azencorpoesaude.com.br\/blog\/terapia-ilib-laser-como-escolher-a-clinica-certa\/\" target=\"_blank\" rel=\"noreferrer noopener\"><strong>Terapia ILIB laser: como escolher a cl\u00ednica certa?<\/strong><\/a><\/li>\n<\/ul>\n\n\n\n<div id=\"ez-toc-container\" class=\"ez-toc-v2_0_82_1 counter-hierarchy ez-toc-counter ez-toc-grey ez-toc-container-direction\">\n<div class=\"ez-toc-title-container\">\n<p class=\"ez-toc-title\" style=\"cursor:inherit\">O que abordaremos neste artigo:<\/p>\n<span class=\"ez-toc-title-toggle\"><a href=\"#\" class=\"ez-toc-pull-right ez-toc-btn ez-toc-btn-xs ez-toc-btn-default ez-toc-toggle\" aria-label=\"Alternar tabela de conte\u00fado\"><span class=\"ez-toc-js-icon-con\"><span class=\"\"><span class=\"eztoc-hide\" style=\"display:none;\">Toggle<\/span><span class=\"ez-toc-icon-toggle-span\"><svg style=\"fill: #999;color:#999\" xmlns=\"http:\/\/www.w3.org\/2000\/svg\" class=\"list-377408\" width=\"20px\" height=\"20px\" viewBox=\"0 0 24 24\" fill=\"none\"><path d=\"M6 6H4v2h2V6zm14 0H8v2h12V6zM4 11h2v2H4v-2zm16 0H8v2h12v-2zM4 16h2v2H4v-2zm16 0H8v2h12v-2z\" fill=\"currentColor\"><\/path><\/svg><svg style=\"fill: #999;color:#999\" class=\"arrow-unsorted-368013\" xmlns=\"http:\/\/www.w3.org\/2000\/svg\" width=\"10px\" height=\"10px\" viewBox=\"0 0 24 24\" version=\"1.2\" baseProfile=\"tiny\"><path d=\"M18.2 9.3l-6.2-6.3-6.2 6.3c-.2.2-.3.4-.3.7s.1.5.3.7c.2.2.4.3.7.3h11c.3 0 .5-.1.7-.3.2-.2.3-.5.3-.7s-.1-.5-.3-.7zM5.8 14.7l6.2 6.3 6.2-6.3c.2-.2.3-.5.3-.7s-.1-.5-.3-.7c-.2-.2-.4-.3-.7-.3h-11c-.3 0-.5.1-.7.3-.2.2-.3.5-.3.7s.1.5.3.7z\"\/><\/svg><\/span><\/span><\/span><\/a><\/span><\/div>\n<nav><ul class='ez-toc-list ez-toc-list-level-1 ' ><li class='ez-toc-page-1 ez-toc-heading-level-2'><a class=\"ez-toc-link ez-toc-heading-1\" href=\"https:\/\/azencorpoesaude.com.br\/blog\/pilates-funcional-quais-os-beneficios-e-onde-fazer\/#O_que_e_pilates_funcional\" >O que \u00e9 pilates funcional?<\/a><\/li><li class='ez-toc-page-1 ez-toc-heading-level-2'><a class=\"ez-toc-link ez-toc-heading-2\" href=\"https:\/\/azencorpoesaude.com.br\/blog\/pilates-funcional-quais-os-beneficios-e-onde-fazer\/#Principais_beneficios_do_pilates_funcional\" >Principais benef\u00edcios do pilates funcional<\/a><ul class='ez-toc-list-level-3' ><li class='ez-toc-heading-level-3'><a class=\"ez-toc-link ez-toc-heading-3\" href=\"https:\/\/azencorpoesaude.com.br\/blog\/pilates-funcional-quais-os-beneficios-e-onde-fazer\/#Melhora_da_postura_e_do_alinhamento_corporal\" >Melhora da postura e do alinhamento corporal<\/a><\/li><li class='ez-toc-page-1 ez-toc-heading-level-3'><a class=\"ez-toc-link ez-toc-heading-4\" href=\"https:\/\/azencorpoesaude.com.br\/blog\/pilates-funcional-quais-os-beneficios-e-onde-fazer\/#Aumento_da_forca_e_da_flexibilidade\" >Aumento da for\u00e7a e da flexibilidade<\/a><\/li><li class='ez-toc-page-1 ez-toc-heading-level-3'><a class=\"ez-toc-link ez-toc-heading-5\" href=\"https:\/\/azencorpoesaude.com.br\/blog\/pilates-funcional-quais-os-beneficios-e-onde-fazer\/#Reducao_de_dores_e_tensoes\" >Redu\u00e7\u00e3o de dores e tens\u00f5es<\/a><\/li><li class='ez-toc-page-1 ez-toc-heading-level-3'><a class=\"ez-toc-link ez-toc-heading-6\" href=\"https:\/\/azencorpoesaude.com.br\/blog\/pilates-funcional-quais-os-beneficios-e-onde-fazer\/#Mais_equilibrio_e_coordenacao_motora\" >Mais equil\u00edbrio e coordena\u00e7\u00e3o motora<\/a><\/li><li class='ez-toc-page-1 ez-toc-heading-level-3'><a class=\"ez-toc-link ez-toc-heading-7\" href=\"https:\/\/azencorpoesaude.com.br\/blog\/pilates-funcional-quais-os-beneficios-e-onde-fazer\/#Bem-estar_mental_e_emocional\" >Bem-estar mental e emocional<\/a><\/li><\/ul><\/li><li class='ez-toc-page-1 ez-toc-heading-level-2'><a class=\"ez-toc-link ez-toc-heading-8\" href=\"https:\/\/azencorpoesaude.com.br\/blog\/pilates-funcional-quais-os-beneficios-e-onde-fazer\/#Para_quem_o_pilates_funcional_e_indicado\" >Para quem o pilates funcional \u00e9 indicado?<\/a><\/li><li class='ez-toc-page-1 ez-toc-heading-level-2'><a class=\"ez-toc-link ez-toc-heading-9\" href=\"https:\/\/azencorpoesaude.com.br\/blog\/pilates-funcional-quais-os-beneficios-e-onde-fazer\/#Diferenca_entre_pilates_tradicional_e_pilates_funcional\" >Diferen\u00e7a entre pilates tradicional e pilates funcional<\/a><\/li><li class='ez-toc-page-1 ez-toc-heading-level-2'><a class=\"ez-toc-link ez-toc-heading-10\" href=\"https:\/\/azencorpoesaude.com.br\/blog\/pilates-funcional-quais-os-beneficios-e-onde-fazer\/#Onde_fazer_pilates_funcional\" >Onde fazer pilates funcional?<\/a><\/li><\/ul><\/nav><\/div>\n<h2 class=\"wp-block-heading\"><span class=\"ez-toc-section\" id=\"O_que_e_pilates_funcional\"><\/span>O que \u00e9 pilates funcional?<span class=\"ez-toc-section-end\"><\/span><\/h2>\n\n\n\n<p>O pilates funcional \u00e9 uma varia\u00e7\u00e3o moderna do m\u00e9todo criado por Joseph Pilates. Ele combina os princ\u00edpios cl\u00e1ssicos de concentra\u00e7\u00e3o, respira\u00e7\u00e3o e controle com o conceito do treinamento funcional, que prioriza a efici\u00eancia dos movimentos.<\/p>\n\n\n\n<p>Na pr\u00e1tica, o corpo \u00e9 estimulado a se mover como um todo \u2014 fortalecendo m\u00fasculos profundos, melhorando a coordena\u00e7\u00e3o e tornando os gestos mais precisos e naturais.&nbsp;<\/p>\n\n\n\n<p>A proposta \u00e9 fazer com que o aluno se sinta mais confiante e preparado para realizar tarefas cotidianas com leveza e seguran\u00e7a.<\/p>\n\n\n\n<p>Os exerc\u00edcios utilizam o peso corporal e acess\u00f3rios simples, como faixas el\u00e1sticas, bolas e bosu. Essa variedade de est\u00edmulos mant\u00e9m as aulas din\u00e2micas e permite adaptar o treino a cada pessoa, independentemente da idade ou do n\u00edvel f\u00edsico.<\/p>\n\n\n\n<ul class=\"wp-block-list\">\n<li><a href=\"https:\/\/azencorpoesaude.com.br\/blog\/tratamentos-faciais-para-rejuvenescimento-como-funcionam-e-onde-fazer\/\" target=\"_blank\" rel=\"noreferrer noopener\"><strong>Tratamentos faciais para rejuvenescimento: como funcionam e onde fazer?<\/strong><\/a><\/li>\n<\/ul>\n\n\n\n<h2 class=\"wp-block-heading\"><span class=\"ez-toc-section\" id=\"Principais_beneficios_do_pilates_funcional\"><\/span>Principais benef\u00edcios do pilates funcional<span class=\"ez-toc-section-end\"><\/span><\/h2>\n\n\n\n<p>Os resultados do pilates funcional v\u00e3o muito al\u00e9m da est\u00e9tica. Ele atua diretamente na postura, na for\u00e7a e na mobilidade, trazendo ganhos reais para o corpo e para a mente.<\/p>\n\n\n\n<h3 class=\"wp-block-heading\"><span class=\"ez-toc-section\" id=\"Melhora_da_postura_e_do_alinhamento_corporal\"><\/span>Melhora da postura e do alinhamento corporal<span class=\"ez-toc-section-end\"><\/span><\/h3>\n\n\n\n<p>Ao trabalhar a musculatura estabilizadora, especialmente a do abd\u00f4men e das costas, o pilates funcional corrige desequil\u00edbrios e ajuda a manter o corpo ereto com naturalidade.<\/p>\n\n\n\n<h3 class=\"wp-block-heading\"><span class=\"ez-toc-section\" id=\"Aumento_da_forca_e_da_flexibilidade\"><\/span>Aumento da for\u00e7a e da flexibilidade<span class=\"ez-toc-section-end\"><\/span><\/h3>\n\n\n\n<p>Os exerc\u00edcios fortalecem os m\u00fasculos sem sobrecarga, promovendo alongamento e resist\u00eancia ao mesmo tempo. Isso torna os movimentos mais fluidos e reduz o risco de les\u00f5es.<\/p>\n\n\n\n<h3 class=\"wp-block-heading\"><span class=\"ez-toc-section\" id=\"Reducao_de_dores_e_tensoes\"><\/span>Redu\u00e7\u00e3o de dores e tens\u00f5es<span class=\"ez-toc-section-end\"><\/span><\/h3>\n\n\n\n<p>Muitos alunos relatam al\u00edvio de dores lombares, cervicais e articulares. O m\u00e9todo melhora a circula\u00e7\u00e3o e libera tens\u00f5es acumuladas, proporcionando uma sensa\u00e7\u00e3o de leveza imediata.<\/p>\n\n\n\n<h3 class=\"wp-block-heading\"><span class=\"ez-toc-section\" id=\"Mais_equilibrio_e_coordenacao_motora\"><\/span>Mais equil\u00edbrio e coordena\u00e7\u00e3o motora<span class=\"ez-toc-section-end\"><\/span><\/h3>\n\n\n\n<p>Os movimentos controlados exigem estabilidade e foco, desenvolvendo o equil\u00edbrio f\u00edsico e mental. Isso \u00e9 especialmente importante com o avan\u00e7o da idade.<\/p>\n\n\n\n<h3 class=\"wp-block-heading\"><span class=\"ez-toc-section\" id=\"Bem-estar_mental_e_emocional\"><\/span>Bem-estar mental e emocional<span class=\"ez-toc-section-end\"><\/span><\/h3>\n\n\n\n<p>A concentra\u00e7\u00e3o e a respira\u00e7\u00e3o consciente durante a pr\u00e1tica promovem relaxamento, controle da ansiedade e aumento da energia.<\/p>\n\n\n<div class=\"wp-block-image\">\n<figure class=\"aligncenter size-large is-resized\"><a href=\"https:\/\/azencorpoesaude.com.br\/pilates\" target=\"_blank\" rel=\" noreferrer noopener\"><img loading=\"lazy\" decoding=\"async\" width=\"1024\" height=\"574\" src=\"https:\/\/azencorpoesaude.com.br\/blog\/wp-content\/uploads\/2026\/03\/pilates-funcional-1024x574.jpg\" alt=\"Pilates funcional: quais os benef\u00edcios e onde fazer?\" class=\"wp-image-77\" style=\"width:450px;height:auto\" srcset=\"https:\/\/azencorpoesaude.com.br\/blog\/wp-content\/uploads\/2026\/03\/pilates-funcional-1024x574.jpg 1024w, https:\/\/azencorpoesaude.com.br\/blog\/wp-content\/uploads\/2026\/03\/pilates-funcional-300x168.jpg 300w, https:\/\/azencorpoesaude.com.br\/blog\/wp-content\/uploads\/2026\/03\/pilates-funcional-768x430.jpg 768w, https:\/\/azencorpoesaude.com.br\/blog\/wp-content\/uploads\/2026\/03\/pilates-funcional.jpg 1338w\" sizes=\"auto, (max-width: 1024px) 100vw, 1024px\" \/><\/a><\/figure>\n<\/div>\n\n\n<h2 class=\"wp-block-heading\"><span class=\"ez-toc-section\" id=\"Para_quem_o_pilates_funcional_e_indicado\"><\/span>Para quem o pilates funcional \u00e9 indicado?<span class=\"ez-toc-section-end\"><\/span><\/h2>\n\n\n\n<p>O pilates funcional \u00e9 uma pr\u00e1tica democr\u00e1tica, que se adapta facilmente a diferentes perfis e objetivos.<\/p>\n\n\n\n<ul class=\"wp-block-list\">\n<li><strong>Iniciantes:<\/strong> quem busca uma atividade segura e de baixo impacto para come\u00e7ar a se movimentar;<br><\/li>\n\n\n\n<li><strong>Pessoas em reabilita\u00e7\u00e3o:<\/strong> auxilia na recupera\u00e7\u00e3o de les\u00f5es e melhora da mobilidade articular;<br><\/li>\n\n\n\n<li><strong>Idosos:<\/strong> aumenta a estabilidade e a for\u00e7a, ajudando na autonomia e na preven\u00e7\u00e3o de quedas;<br><\/li>\n\n\n\n<li><strong>Atletas:<\/strong> melhora o desempenho, a coordena\u00e7\u00e3o e o tempo de rea\u00e7\u00e3o;<br><\/li>\n\n\n\n<li><strong>Gestantes:<\/strong> fortalece o assoalho p\u00e9lvico e reduz desconfortos t\u00edpicos da gravidez.<br><\/li>\n<\/ul>\n\n\n\n<p>Cada plano de treino deve ser personalizado, respeitando os limites e as necessidades de cada aluno.<\/p>\n\n\n\n<ul class=\"wp-block-list\">\n<li><a href=\"https:\/\/azencorpoesaude.com.br\/blog\/como-funciona-acupuntura-para-dor-o-metodo-mais-usado-hoje\/\" target=\"_blank\" rel=\"noreferrer noopener\"><strong>Como funciona acupuntura para dor: o m\u00e9todo mais usado hoje<\/strong><\/a><\/li>\n<\/ul>\n\n\n\n<h2 class=\"wp-block-heading\"><span class=\"ez-toc-section\" id=\"Diferenca_entre_pilates_tradicional_e_pilates_funcional\"><\/span>Diferen\u00e7a entre pilates tradicional e pilates funcional<span class=\"ez-toc-section-end\"><\/span><\/h2>\n\n\n\n<p>O pilates tradicional tem como foco principal o controle e a precis\u00e3o dos movimentos cl\u00e1ssicos. J\u00e1 o pilates funcional traz uma abordagem mais din\u00e2mica e pr\u00e1tica, com exerc\u00edcios que simulam a\u00e7\u00f5es do cotidiano.<\/p>\n\n\n\n<p>Enquanto o m\u00e9todo cl\u00e1ssico \u00e9 mais indicado para quem busca reeduca\u00e7\u00e3o postural e fortalecimento gradual, o funcional amplia a mobilidade, melhora o equil\u00edbrio e trabalha de forma mais intensa a coordena\u00e7\u00e3o. Ambos se complementam e podem ser praticados de forma integrada.<\/p>\n\n\n\n<ul class=\"wp-block-list\">\n<li><a href=\"https:\/\/azencorpoesaude.com.br\/blog\/pare-de-sofrer-com-dores-comece-a-reeducacao-postural-hoje\/\" target=\"_blank\" rel=\"noreferrer noopener\"><strong>Pare de sofrer com dores: comece a reeduca\u00e7\u00e3o postural hoj<\/strong><\/a>e<\/li>\n<\/ul>\n\n\n\n<h2 class=\"wp-block-heading\"><span class=\"ez-toc-section\" id=\"Onde_fazer_pilates_funcional\"><\/span>Onde fazer pilates funcional?<span class=\"ez-toc-section-end\"><\/span><\/h2>\n\n\n\n<p>A <a href=\"https:\/\/azencorpoesaude.com.br\/blog\/\" target=\"_blank\" rel=\"noreferrer noopener\"><strong>Azen Corpo e Sa\u00fade<\/strong><\/a> \u00e9 refer\u00eancia quando o assunto \u00e9 cuidado integral. Com uma equipe multidisciplinar e atendimento humanizado, o est\u00fadio promove experi\u00eancias personalizadas que unem movimento e bem-estar.<\/p>\n\n\n\n<p>As aulas de <strong>pilates funcional<\/strong> na Azen s\u00e3o elaboradas conforme os objetivos e as condi\u00e7\u00f5es de cada aluno, respeitando o ritmo do corpo e valorizando a qualidade do movimento.\u00a0<\/p>\n\n\n\n<p><a href=\"https:\/\/azencorpoesaude.com.br\/contato\" target=\"_blank\" rel=\"noreferrer noopener\"><strong>Experimente uma aula na Azen Corpo e Sa\u00fade<\/strong><\/a> e descubra como o movimento pode transformar seu dia a dia!<\/p>\n","protected":false},"excerpt":{"rendered":"<p><span class=\"span-reading-time rt-reading-time\" style=\"display: block;\"><span class=\"rt-label rt-prefix\">Tempo de leitura: <\/span> <span class=\"rt-time\"> 3<\/span> <span class=\"rt-label rt-postfix\">minutos<\/span><\/span>O pilates funcional \u00e9 uma pr\u00e1tica completa que une for\u00e7a, mobilidade e equil\u00edbrio para o corpo e a mente. O pilates funcional vem conquistando cada vez mais adeptos por unir o melhor do pilates tradicional com exerc\u00edcios que simulam os movimentos do dia a dia. Ele fortalece o corpo, melhora a postura e desenvolve o &hellip; <\/p>\n","protected":false},"author":1,"featured_media":77,"comment_status":"open","ping_status":"open","sticky":false,"template":"","format":"standard","meta":{"footnotes":""},"categories":[11],"tags":[586,584,604,189,615,622,609,626,623,617,611,614,591,588,589,612,616,625,621,624,606,608,592,605,602,610,594,596,597,600,607,601,599,593,587,585,613,595,590,598,619,620,618,603],"class_list":["post-76","post","type-post","status-publish","format-standard","has-post-thumbnail","hentry","category-acupuntura","tag-empresa-de-pilates-funcional","tag-estudio-de-pilates-funcional","tag-o-que-e-pilates-funcional","tag-pilates-funcional","tag-pilates-funcional-ajuda-na-ansiedade","tag-pilates-funcional-ajuda-na-coordenacao-motora","tag-pilates-funcional-ajuda-na-postura","tag-pilates-funcional-aumenta-forca","tag-pilates-funcional-e-atividade-fisica-completa","tag-pilates-funcional-e-bom-para-idosos","tag-pilates-funcional-e-indicado-para-dor-lombar","tag-pilates-funcional-e-seguro-para-gestantes","tag-pilates-funcional-em-promocao","tag-pilates-funcional-em-sao-paulo","tag-pilates-funcional-em-sp","tag-pilates-funcional-emagrece","tag-pilates-funcional-fortalece-quais-musculos","tag-pilates-funcional-melhora-a-flexibilidade","tag-pilates-funcional-melhora-equilibrio","tag-pilates-funcional-melhora-mobilidade","tag-pilates-funcional-na-grande-sao-paulo","tag-pilates-funcional-na-mooca","tag-pilates-funcional-na-penha","tag-pilates-funcional-na-vila-formosa","tag-pilates-funcional-na-vila-maria","tag-pilates-funcional-na-vila-prudente","tag-pilates-funcional-na-zona-leste","tag-pilates-funcional-na-zona-norte","tag-pilates-funcional-na-zona-oeste","tag-pilates-funcional-na-zona-sul","tag-pilates-funcional-no-analia-franco","tag-pilates-funcional-no-belenzinho","tag-pilates-funcional-no-carrao","tag-pilates-funcional-no-tatuape","tag-pilates-funcional-onde-encontrar","tag-pilates-funcional-onde-fazer","tag-pilates-funcional-para-reabilitacao","tag-pilates-funcional-perto-de-mim","tag-pilates-funcional-preco","tag-pilates-funcional-proximo-a-mim","tag-pilates-funcional-resultados-em-quanto-tempo","tag-pilates-funcional-trabalha-o-abdomen","tag-qual-a-diferenca-entre-pilates-e-pilates-funcional","tag-quem-pode-fazer-pilates-funcional","latest_post"],"yoast_head":"<!-- This site is optimized with the Yoast SEO plugin v27.2 - https:\/\/yoast.com\/product\/yoast-seo-wordpress\/ -->\n<title>Pilates funcional: quais os benef\u00edcios e onde fazer? - Blog<\/title>\n<meta name=\"description\" content=\"Fortale\u00e7a corpo e mente com o pilates funcional, uma pr\u00e1tica completa que melhora postura, equil\u00edbrio e traz mais qualidade de vida.\" \/>\n<meta name=\"robots\" content=\"index, follow, max-snippet:-1, max-image-preview:large, max-video-preview:-1\" \/>\n<link rel=\"canonical\" href=\"https:\/\/azencorpoesaude.com.br\/blog\/pilates-funcional-quais-os-beneficios-e-onde-fazer\/\" \/>\n<meta property=\"og:locale\" content=\"pt_BR\" \/>\n<meta property=\"og:type\" content=\"article\" \/>\n<meta property=\"og:title\" content=\"Pilates funcional: quais os benef\u00edcios e onde fazer? - Blog\" \/>\n<meta property=\"og:description\" content=\"Fortale\u00e7a corpo e mente com o pilates funcional, uma pr\u00e1tica completa que melhora postura, equil\u00edbrio e traz mais qualidade de vida.\" \/>\n<meta property=\"og:url\" content=\"https:\/\/azencorpoesaude.com.br\/blog\/pilates-funcional-quais-os-beneficios-e-onde-fazer\/\" \/>\n<meta property=\"og:site_name\" content=\"Blog\" \/>\n<meta property=\"article:published_time\" content=\"2026-03-03T17:37:43+00:00\" \/>\n<meta property=\"article:modified_time\" content=\"2026-03-03T17:37:44+00:00\" \/>\n<meta property=\"og:image\" content=\"https:\/\/azencorpoesaude.com.br\/blog\/wp-content\/uploads\/2026\/03\/pilates-funcional.jpg\" \/>\n\t<meta property=\"og:image:width\" content=\"1338\" \/>\n\t<meta property=\"og:image:height\" content=\"750\" \/>\n\t<meta property=\"og:image:type\" content=\"image\/jpeg\" \/>\n<meta name=\"author\" content=\"admin\" \/>\n<meta name=\"twitter:card\" content=\"summary_large_image\" \/>\n<meta name=\"twitter:label1\" content=\"Escrito por\" \/>\n\t<meta name=\"twitter:data1\" content=\"admin\" \/>\n\t<meta name=\"twitter:label2\" content=\"Est. tempo de leitura\" \/>\n\t<meta name=\"twitter:data2\" content=\"5 minutos\" \/>\n<script type=\"application\/ld+json\" class=\"yoast-schema-graph\">{\"@context\":\"https:\/\/schema.org\",\"@graph\":[{\"@type\":\"Article\",\"@id\":\"https:\/\/azencorpoesaude.com.br\/blog\/pilates-funcional-quais-os-beneficios-e-onde-fazer\/#article\",\"isPartOf\":{\"@id\":\"https:\/\/azencorpoesaude.com.br\/blog\/pilates-funcional-quais-os-beneficios-e-onde-fazer\/\"},\"author\":{\"name\":\"admin\",\"@id\":\"https:\/\/azencorpoesaude.com.br\/blog\/#\/schema\/person\/7f235afb70c1e2168de025d5f435832a\"},\"headline\":\"Pilates funcional: quais os benef\u00edcios e onde fazer?\",\"datePublished\":\"2026-03-03T17:37:43+00:00\",\"dateModified\":\"2026-03-03T17:37:44+00:00\",\"mainEntityOfPage\":{\"@id\":\"https:\/\/azencorpoesaude.com.br\/blog\/pilates-funcional-quais-os-beneficios-e-onde-fazer\/\"},\"wordCount\":792,\"commentCount\":0,\"publisher\":{\"@id\":\"https:\/\/azencorpoesaude.com.br\/blog\/#organization\"},\"image\":{\"@id\":\"https:\/\/azencorpoesaude.com.br\/blog\/pilates-funcional-quais-os-beneficios-e-onde-fazer\/#primaryimage\"},\"thumbnailUrl\":\"https:\/\/azencorpoesaude.com.br\/blog\/wp-content\/uploads\/2026\/03\/pilates-funcional.jpg\",\"keywords\":[\"Empresa de pilates funcional\",\"Est\u00fadio de pilates funcional\",\"O que \u00e9 pilates funcional?\",\"pilates funcional\",\"Pilates funcional ajuda na ansiedade?\",\"Pilates funcional ajuda na coordena\u00e7\u00e3o motora?\",\"Pilates funcional ajuda na postura?\",\"Pilates funcional aumenta for\u00e7a?\",\"Pilates funcional \u00e9 atividade f\u00edsica completa?\",\"Pilates funcional \u00e9 bom para idosos?\",\"Pilates funcional \u00e9 indicado para dor lombar?\",\"Pilates funcional \u00e9 seguro para gestantes?\",\"Pilates funcional em promo\u00e7\u00e3o\",\"Pilates funcional em S\u00e3o Paulo\",\"Pilates funcional em SP\",\"Pilates funcional emagrece?\",\"Pilates funcional fortalece quais m\u00fasculos?\",\"Pilates funcional melhora a flexibilidade?\",\"Pilates funcional melhora equil\u00edbrio?\",\"Pilates funcional melhora mobilidade?\",\"Pilates funcional na Grande S\u00e3o Paulo\",\"Pilates funcional na Mooca\",\"Pilates funcional na Penha\",\"Pilates funcional na Vila Formosa\",\"Pilates funcional na Vila Maria\",\"Pilates funcional na Vila Prudente\",\"Pilates funcional na Zona Leste\",\"Pilates funcional na Zona Norte\",\"Pilates funcional na Zona Oeste\",\"Pilates funcional na Zona Sul\",\"Pilates funcional no An\u00e1lia Franco\",\"Pilates funcional no Belenzinho\",\"Pilates funcional no Carr\u00e3o\",\"Pilates funcional no Tatuap\u00e9\",\"Pilates funcional onde encontrar\",\"Pilates funcional onde fazer\",\"Pilates funcional para reabilita\u00e7\u00e3o?\",\"Pilates funcional perto de mim\",\"Pilates funcional pre\u00e7o\",\"Pilates funcional pr\u00f3ximo a mim\",\"Pilates funcional resultados em quanto tempo?\",\"Pilates funcional trabalha o abd\u00f4men?\",\"Qual a diferen\u00e7a entre pilates e pilates funcional?\",\"Quem pode fazer pilates funcional?\"],\"articleSection\":[\"Acupuntura\"],\"inLanguage\":\"pt-BR\",\"potentialAction\":[{\"@type\":\"CommentAction\",\"name\":\"Comment\",\"target\":[\"https:\/\/azencorpoesaude.com.br\/blog\/pilates-funcional-quais-os-beneficios-e-onde-fazer\/#respond\"]}]},{\"@type\":\"WebPage\",\"@id\":\"https:\/\/azencorpoesaude.com.br\/blog\/pilates-funcional-quais-os-beneficios-e-onde-fazer\/\",\"url\":\"https:\/\/azencorpoesaude.com.br\/blog\/pilates-funcional-quais-os-beneficios-e-onde-fazer\/\",\"name\":\"Pilates funcional: quais os benef\u00edcios e onde fazer? - Blog\",\"isPartOf\":{\"@id\":\"https:\/\/azencorpoesaude.com.br\/blog\/#website\"},\"primaryImageOfPage\":{\"@id\":\"https:\/\/azencorpoesaude.com.br\/blog\/pilates-funcional-quais-os-beneficios-e-onde-fazer\/#primaryimage\"},\"image\":{\"@id\":\"https:\/\/azencorpoesaude.com.br\/blog\/pilates-funcional-quais-os-beneficios-e-onde-fazer\/#primaryimage\"},\"thumbnailUrl\":\"https:\/\/azencorpoesaude.com.br\/blog\/wp-content\/uploads\/2026\/03\/pilates-funcional.jpg\",\"datePublished\":\"2026-03-03T17:37:43+00:00\",\"dateModified\":\"2026-03-03T17:37:44+00:00\",\"description\":\"Fortale\u00e7a corpo e mente com o pilates funcional, uma pr\u00e1tica completa que melhora postura, equil\u00edbrio e traz mais qualidade de vida.\",\"breadcrumb\":{\"@id\":\"https:\/\/azencorpoesaude.com.br\/blog\/pilates-funcional-quais-os-beneficios-e-onde-fazer\/#breadcrumb\"},\"inLanguage\":\"pt-BR\",\"potentialAction\":[{\"@type\":\"ReadAction\",\"target\":[\"https:\/\/azencorpoesaude.com.br\/blog\/pilates-funcional-quais-os-beneficios-e-onde-fazer\/\"]}]},{\"@type\":\"ImageObject\",\"inLanguage\":\"pt-BR\",\"@id\":\"https:\/\/azencorpoesaude.com.br\/blog\/pilates-funcional-quais-os-beneficios-e-onde-fazer\/#primaryimage\",\"url\":\"https:\/\/azencorpoesaude.com.br\/blog\/wp-content\/uploads\/2026\/03\/pilates-funcional.jpg\",\"contentUrl\":\"https:\/\/azencorpoesaude.com.br\/blog\/wp-content\/uploads\/2026\/03\/pilates-funcional.jpg\",\"width\":1338,\"height\":750,\"caption\":\"Pilates funcional: quais os benef\u00edcios e onde fazer?\"},{\"@type\":\"BreadcrumbList\",\"@id\":\"https:\/\/azencorpoesaude.com.br\/blog\/pilates-funcional-quais-os-beneficios-e-onde-fazer\/#breadcrumb\",\"itemListElement\":[{\"@type\":\"ListItem\",\"position\":1,\"name\":\"In\u00edcio\",\"item\":\"https:\/\/azencorpoesaude.com.br\/blog\/\"},{\"@type\":\"ListItem\",\"position\":2,\"name\":\"Pilates funcional: quais os benef\u00edcios e onde fazer?\"}]},{\"@type\":\"WebSite\",\"@id\":\"https:\/\/azencorpoesaude.com.br\/blog\/#website\",\"url\":\"https:\/\/azencorpoesaude.com.br\/blog\/\",\"name\":\"Blog\",\"description\":\"Tudo sobre sua sa\u00fade e bem-estar\",\"publisher\":{\"@id\":\"https:\/\/azencorpoesaude.com.br\/blog\/#organization\"},\"potentialAction\":[{\"@type\":\"SearchAction\",\"target\":{\"@type\":\"EntryPoint\",\"urlTemplate\":\"https:\/\/azencorpoesaude.com.br\/blog\/?s={search_term_string}\"},\"query-input\":{\"@type\":\"PropertyValueSpecification\",\"valueRequired\":true,\"valueName\":\"search_term_string\"}}],\"inLanguage\":\"pt-BR\"},{\"@type\":\"Organization\",\"@id\":\"https:\/\/azencorpoesaude.com.br\/blog\/#organization\",\"name\":\"Blog\",\"url\":\"https:\/\/azencorpoesaude.com.br\/blog\/\",\"logo\":{\"@type\":\"ImageObject\",\"inLanguage\":\"pt-BR\",\"@id\":\"https:\/\/azencorpoesaude.com.br\/blog\/#\/schema\/logo\/image\/\",\"url\":\"https:\/\/azencorpoesaude.com.br\/blog\/wp-content\/uploads\/2025\/05\/cropped-logo.webp\",\"contentUrl\":\"https:\/\/azencorpoesaude.com.br\/blog\/wp-content\/uploads\/2025\/05\/cropped-logo.webp\",\"width\":700,\"height\":218,\"caption\":\"Blog\"},\"image\":{\"@id\":\"https:\/\/azencorpoesaude.com.br\/blog\/#\/schema\/logo\/image\/\"}},{\"@type\":\"Person\",\"@id\":\"https:\/\/azencorpoesaude.com.br\/blog\/#\/schema\/person\/7f235afb70c1e2168de025d5f435832a\",\"name\":\"admin\",\"image\":{\"@type\":\"ImageObject\",\"inLanguage\":\"pt-BR\",\"@id\":\"https:\/\/secure.gravatar.com\/avatar\/d2abb7e535a7590a6f9b76c75c90ec5441db3a04a205e6d66ecabfb80081f172?s=96&d=mm&r=g\",\"url\":\"https:\/\/secure.gravatar.com\/avatar\/d2abb7e535a7590a6f9b76c75c90ec5441db3a04a205e6d66ecabfb80081f172?s=96&d=mm&r=g\",\"contentUrl\":\"https:\/\/secure.gravatar.com\/avatar\/d2abb7e535a7590a6f9b76c75c90ec5441db3a04a205e6d66ecabfb80081f172?s=96&d=mm&r=g\",\"caption\":\"admin\"},\"sameAs\":[\"https:\/\/azencorpoesaude.com.br\/blog\"],\"url\":\"https:\/\/azencorpoesaude.com.br\/blog\/author\/admin\/\"}]}<\/script>\n<!-- \/ Yoast SEO plugin. -->","yoast_head_json":{"title":"Pilates funcional: quais os benef\u00edcios e onde fazer? - Blog","description":"Fortale\u00e7a corpo e mente com o pilates funcional, uma pr\u00e1tica completa que melhora postura, equil\u00edbrio e traz mais qualidade de vida.","robots":{"index":"index","follow":"follow","max-snippet":"max-snippet:-1","max-image-preview":"max-image-preview:large","max-video-preview":"max-video-preview:-1"},"canonical":"https:\/\/azencorpoesaude.com.br\/blog\/pilates-funcional-quais-os-beneficios-e-onde-fazer\/","og_locale":"pt_BR","og_type":"article","og_title":"Pilates funcional: quais os benef\u00edcios e onde fazer? - Blog","og_description":"Fortale\u00e7a corpo e mente com o pilates funcional, uma pr\u00e1tica completa que melhora postura, equil\u00edbrio e traz mais qualidade de vida.","og_url":"https:\/\/azencorpoesaude.com.br\/blog\/pilates-funcional-quais-os-beneficios-e-onde-fazer\/","og_site_name":"Blog","article_published_time":"2026-03-03T17:37:43+00:00","article_modified_time":"2026-03-03T17:37:44+00:00","og_image":[{"width":1338,"height":750,"url":"https:\/\/azencorpoesaude.com.br\/blog\/wp-content\/uploads\/2026\/03\/pilates-funcional.jpg","type":"image\/jpeg"}],"author":"admin","twitter_card":"summary_large_image","twitter_misc":{"Escrito por":"admin","Est. tempo de leitura":"5 minutos"},"schema":{"@context":"https:\/\/schema.org","@graph":[{"@type":"Article","@id":"https:\/\/azencorpoesaude.com.br\/blog\/pilates-funcional-quais-os-beneficios-e-onde-fazer\/#article","isPartOf":{"@id":"https:\/\/azencorpoesaude.com.br\/blog\/pilates-funcional-quais-os-beneficios-e-onde-fazer\/"},"author":{"name":"admin","@id":"https:\/\/azencorpoesaude.com.br\/blog\/#\/schema\/person\/7f235afb70c1e2168de025d5f435832a"},"headline":"Pilates funcional: quais os benef\u00edcios e onde fazer?","datePublished":"2026-03-03T17:37:43+00:00","dateModified":"2026-03-03T17:37:44+00:00","mainEntityOfPage":{"@id":"https:\/\/azencorpoesaude.com.br\/blog\/pilates-funcional-quais-os-beneficios-e-onde-fazer\/"},"wordCount":792,"commentCount":0,"publisher":{"@id":"https:\/\/azencorpoesaude.com.br\/blog\/#organization"},"image":{"@id":"https:\/\/azencorpoesaude.com.br\/blog\/pilates-funcional-quais-os-beneficios-e-onde-fazer\/#primaryimage"},"thumbnailUrl":"https:\/\/azencorpoesaude.com.br\/blog\/wp-content\/uploads\/2026\/03\/pilates-funcional.jpg","keywords":["Empresa de pilates funcional","Est\u00fadio de pilates funcional","O que \u00e9 pilates funcional?","pilates funcional","Pilates funcional ajuda na ansiedade?","Pilates funcional ajuda na coordena\u00e7\u00e3o motora?","Pilates funcional ajuda na postura?","Pilates funcional aumenta for\u00e7a?","Pilates funcional \u00e9 atividade f\u00edsica completa?","Pilates funcional \u00e9 bom para idosos?","Pilates funcional \u00e9 indicado para dor lombar?","Pilates funcional \u00e9 seguro para gestantes?","Pilates funcional em promo\u00e7\u00e3o","Pilates funcional em S\u00e3o Paulo","Pilates funcional em SP","Pilates funcional emagrece?","Pilates funcional fortalece quais m\u00fasculos?","Pilates funcional melhora a flexibilidade?","Pilates funcional melhora equil\u00edbrio?","Pilates funcional melhora mobilidade?","Pilates funcional na Grande S\u00e3o Paulo","Pilates funcional na Mooca","Pilates funcional na Penha","Pilates funcional na Vila Formosa","Pilates funcional na Vila Maria","Pilates funcional na Vila Prudente","Pilates funcional na Zona Leste","Pilates funcional na Zona Norte","Pilates funcional na Zona Oeste","Pilates funcional na Zona Sul","Pilates funcional no An\u00e1lia Franco","Pilates funcional no Belenzinho","Pilates funcional no Carr\u00e3o","Pilates funcional no Tatuap\u00e9","Pilates funcional onde encontrar","Pilates funcional onde fazer","Pilates funcional para reabilita\u00e7\u00e3o?","Pilates funcional perto de mim","Pilates funcional pre\u00e7o","Pilates funcional pr\u00f3ximo a mim","Pilates funcional resultados em quanto tempo?","Pilates funcional trabalha o abd\u00f4men?","Qual a diferen\u00e7a entre pilates e pilates funcional?","Quem pode fazer pilates funcional?"],"articleSection":["Acupuntura"],"inLanguage":"pt-BR","potentialAction":[{"@type":"CommentAction","name":"Comment","target":["https:\/\/azencorpoesaude.com.br\/blog\/pilates-funcional-quais-os-beneficios-e-onde-fazer\/#respond"]}]},{"@type":"WebPage","@id":"https:\/\/azencorpoesaude.com.br\/blog\/pilates-funcional-quais-os-beneficios-e-onde-fazer\/","url":"https:\/\/azencorpoesaude.com.br\/blog\/pilates-funcional-quais-os-beneficios-e-onde-fazer\/","name":"Pilates funcional: quais os benef\u00edcios e onde fazer? - Blog","isPartOf":{"@id":"https:\/\/azencorpoesaude.com.br\/blog\/#website"},"primaryImageOfPage":{"@id":"https:\/\/azencorpoesaude.com.br\/blog\/pilates-funcional-quais-os-beneficios-e-onde-fazer\/#primaryimage"},"image":{"@id":"https:\/\/azencorpoesaude.com.br\/blog\/pilates-funcional-quais-os-beneficios-e-onde-fazer\/#primaryimage"},"thumbnailUrl":"https:\/\/azencorpoesaude.com.br\/blog\/wp-content\/uploads\/2026\/03\/pilates-funcional.jpg","datePublished":"2026-03-03T17:37:43+00:00","dateModified":"2026-03-03T17:37:44+00:00","description":"Fortale\u00e7a corpo e mente com o pilates funcional, uma pr\u00e1tica completa que melhora postura, equil\u00edbrio e traz mais qualidade de vida.","breadcrumb":{"@id":"https:\/\/azencorpoesaude.com.br\/blog\/pilates-funcional-quais-os-beneficios-e-onde-fazer\/#breadcrumb"},"inLanguage":"pt-BR","potentialAction":[{"@type":"ReadAction","target":["https:\/\/azencorpoesaude.com.br\/blog\/pilates-funcional-quais-os-beneficios-e-onde-fazer\/"]}]},{"@type":"ImageObject","inLanguage":"pt-BR","@id":"https:\/\/azencorpoesaude.com.br\/blog\/pilates-funcional-quais-os-beneficios-e-onde-fazer\/#primaryimage","url":"https:\/\/azencorpoesaude.com.br\/blog\/wp-content\/uploads\/2026\/03\/pilates-funcional.jpg","contentUrl":"https:\/\/azencorpoesaude.com.br\/blog\/wp-content\/uploads\/2026\/03\/pilates-funcional.jpg","width":1338,"height":750,"caption":"Pilates funcional: quais os benef\u00edcios e onde fazer?"},{"@type":"BreadcrumbList","@id":"https:\/\/azencorpoesaude.com.br\/blog\/pilates-funcional-quais-os-beneficios-e-onde-fazer\/#breadcrumb","itemListElement":[{"@type":"ListItem","position":1,"name":"In\u00edcio","item":"https:\/\/azencorpoesaude.com.br\/blog\/"},{"@type":"ListItem","position":2,"name":"Pilates funcional: quais os benef\u00edcios e onde fazer?"}]},{"@type":"WebSite","@id":"https:\/\/azencorpoesaude.com.br\/blog\/#website","url":"https:\/\/azencorpoesaude.com.br\/blog\/","name":"Blog","description":"Tudo sobre sua sa\u00fade e bem-estar","publisher":{"@id":"https:\/\/azencorpoesaude.com.br\/blog\/#organization"},"potentialAction":[{"@type":"SearchAction","target":{"@type":"EntryPoint","urlTemplate":"https:\/\/azencorpoesaude.com.br\/blog\/?s={search_term_string}"},"query-input":{"@type":"PropertyValueSpecification","valueRequired":true,"valueName":"search_term_string"}}],"inLanguage":"pt-BR"},{"@type":"Organization","@id":"https:\/\/azencorpoesaude.com.br\/blog\/#organization","name":"Blog","url":"https:\/\/azencorpoesaude.com.br\/blog\/","logo":{"@type":"ImageObject","inLanguage":"pt-BR","@id":"https:\/\/azencorpoesaude.com.br\/blog\/#\/schema\/logo\/image\/","url":"https:\/\/azencorpoesaude.com.br\/blog\/wp-content\/uploads\/2025\/05\/cropped-logo.webp","contentUrl":"https:\/\/azencorpoesaude.com.br\/blog\/wp-content\/uploads\/2025\/05\/cropped-logo.webp","width":700,"height":218,"caption":"Blog"},"image":{"@id":"https:\/\/azencorpoesaude.com.br\/blog\/#\/schema\/logo\/image\/"}},{"@type":"Person","@id":"https:\/\/azencorpoesaude.com.br\/blog\/#\/schema\/person\/7f235afb70c1e2168de025d5f435832a","name":"admin","image":{"@type":"ImageObject","inLanguage":"pt-BR","@id":"https:\/\/secure.gravatar.com\/avatar\/d2abb7e535a7590a6f9b76c75c90ec5441db3a04a205e6d66ecabfb80081f172?s=96&d=mm&r=g","url":"https:\/\/secure.gravatar.com\/avatar\/d2abb7e535a7590a6f9b76c75c90ec5441db3a04a205e6d66ecabfb80081f172?s=96&d=mm&r=g","contentUrl":"https:\/\/secure.gravatar.com\/avatar\/d2abb7e535a7590a6f9b76c75c90ec5441db3a04a205e6d66ecabfb80081f172?s=96&d=mm&r=g","caption":"admin"},"sameAs":["https:\/\/azencorpoesaude.com.br\/blog"],"url":"https:\/\/azencorpoesaude.com.br\/blog\/author\/admin\/"}]}},"_links":{"self":[{"href":"https:\/\/azencorpoesaude.com.br\/blog\/wp-json\/wp\/v2\/posts\/76","targetHints":{"allow":["GET"]}}],"collection":[{"href":"https:\/\/azencorpoesaude.com.br\/blog\/wp-json\/wp\/v2\/posts"}],"about":[{"href":"https:\/\/azencorpoesaude.com.br\/blog\/wp-json\/wp\/v2\/types\/post"}],"author":[{"embeddable":true,"href":"https:\/\/azencorpoesaude.com.br\/blog\/wp-json\/wp\/v2\/users\/1"}],"replies":[{"embeddable":true,"href":"https:\/\/azencorpoesaude.com.br\/blog\/wp-json\/wp\/v2\/comments?post=76"}],"version-history":[{"count":1,"href":"https:\/\/azencorpoesaude.com.br\/blog\/wp-json\/wp\/v2\/posts\/76\/revisions"}],"predecessor-version":[{"id":78,"href":"https:\/\/azencorpoesaude.com.br\/blog\/wp-json\/wp\/v2\/posts\/76\/revisions\/78"}],"wp:featuredmedia":[{"embeddable":true,"href":"https:\/\/azencorpoesaude.com.br\/blog\/wp-json\/wp\/v2\/media\/77"}],"wp:attachment":[{"href":"https:\/\/azencorpoesaude.com.br\/blog\/wp-json\/wp\/v2\/media?parent=76"}],"wp:term":[{"taxonomy":"category","embeddable":true,"href":"https:\/\/azencorpoesaude.com.br\/blog\/wp-json\/wp\/v2\/categories?post=76"},{"taxonomy":"post_tag","embeddable":true,"href":"https:\/\/azencorpoesaude.com.br\/blog\/wp-json\/wp\/v2\/tags?post=76"}],"curies":[{"name":"wp","href":"https:\/\/api.w.org\/{rel}","templated":true}]}}